{"id":2867,"date":"2019-10-28T14:54:58","date_gmt":"2019-10-28T19:54:58","guid":{"rendered":"http:\/\/www.enamiep.gob.ec\/?p=2867"},"modified":"2019-10-29T11:21:35","modified_gmt":"2019-10-29T16:21:35","slug":"santiago-rojas-gerente-general-de-la-empresa-nacional-minera","status":"publish","type":"post","link":"https:\/\/www.enamiep.gob.ec\/?p=2867","title":{"rendered":"SANTIAGO ROJAS, GERENTE GENERAL DE LA EMPRESA NACIONAL MINERA"},"content":{"rendered":"<p>El 21 de octubre de 2019, mediante Resoluci\u00f3n de Directorio de la Empresa Nacional Minera, se design\u00f3 al Mag\u00edster Santiago Rojas Pi de la Serra como nuevo Gerente General de la Empresa Nacional Minera (ENAMI EP).<\/p>\n<p>Santiago Rojas estudi\u00f3 Jurisprudencia en la Universidad San Francisco de Quito, tiene un LL.M. en <em>Public and International Law <\/em>por la Universidad de Melbourne (Australia), y una especializaci\u00f3n en Contrataci\u00f3n P\u00fablica y Administraci\u00f3n del Estado en la Universidad Central del Ecuador.<\/p>\n<p>Posee amplia trayectoria profesional en el sector p\u00fablico y una s\u00f3lida experiencia como asesor de empresas y altas autoridades. A lo largo de su carrera profesional ha adquirido experiencia en negociaci\u00f3n, derecho p\u00fablico, derecho internacional, derecho minero, contrataci\u00f3n p\u00fablica, r\u00e9gimen de concesiones, mediaci\u00f3n y arbitraje, entre las m\u00e1s importantes.<\/p>\n<p>En su discurso resalt\u00f3 que la ENAMI es la empresa minera m\u00e1s importante del Ecuador, ya que tiene una enorme capacidad para promover el desarrollo y bienestar de todos los ecuatorianos mediante el adecuado aprovechamiento de la riqueza natural que posee el pa\u00eds. Tambi\u00e9n agradeci\u00f3 el arduo trabajo realizado por todo el equipo humano de la empresa.<\/p>\n<p>Finalmente, destac\u00f3 que, en coordinaci\u00f3n con las entidades del sector, se cumplir\u00e1 la misi\u00f3n institucional, con el fin de incrementar las inversiones para desarrollar el portafolio de proyectos de la empresa mediante la aplicaci\u00f3n de la Pol\u00edtica P\u00fablica Minera.<\/p>\n<p>&nbsp;<\/p>\n","protected":false},"excerpt":{"rendered":"<p class=\"excerpt\">El 21 de octubre de 2019, mediante Resoluci\u00f3n de Directorio de la Empresa Nacional Minera, se design\u00f3 al Mag\u00edster Santiago Rojas Pi de la Serra como nuevo Gerente General de la Empresa Nacional Minera (ENAMI EP). Santiago Rojas estudi\u00f3 Jurisprudencia en la Universidad San Francisco de Quito, tiene un LL.M. en Public and International Law por la Universidad de Melbourne&hellip; <a href=\"https:\/\/www.enamiep.gob.ec\/?p=2867\">Read more &rarr;<\/a><\/p>\n","protected":false},"author":7,"featured_media":2868,"comment_status":"open","ping_status":"open","sticky":false,"template":"","format":"standard","meta":{"_themeisle_gutenberg_block_has_review":false,"footnotes":""},"categories":[5,6],"tags":[],"class_list":["post-2867","post","type-post","status-publish","format-standard","has-post-thumbnail","hentry","category-noticias","category-noticias-destacadas","xfolkentry"],"_links":{"self":[{"href":"https:\/\/www.enamiep.gob.ec\/index.php?rest_route=\/wp\/v2\/posts\/2867","targetHints":{"allow":["GET"]}}],"collection":[{"href":"https:\/\/www.enamiep.gob.ec\/index.php?rest_route=\/wp\/v2\/posts"}],"about":[{"href":"https:\/\/www.enamiep.gob.ec\/index.php?rest_route=\/wp\/v2\/types\/post"}],"author":[{"embeddable":true,"href":"https:\/\/www.enamiep.gob.ec\/index.php?rest_route=\/wp\/v2\/users\/7"}],"replies":[{"embeddable":true,"href":"https:\/\/www.enamiep.gob.ec\/index.php?rest_route=%2Fwp%2Fv2%2Fcomments&post=2867"}],"version-history":[{"count":3,"href":"https:\/\/www.enamiep.gob.ec\/index.php?rest_route=\/wp\/v2\/posts\/2867\/revisions"}],"predecessor-version":[{"id":2873,"href":"https:\/\/www.enamiep.gob.ec\/index.php?rest_route=\/wp\/v2\/posts\/2867\/revisions\/2873"}],"wp:featuredmedia":[{"embeddable":true,"href":"https:\/\/www.enamiep.gob.ec\/index.php?rest_route=\/wp\/v2\/media\/2868"}],"wp:attachment":[{"href":"https:\/\/www.enamiep.gob.ec\/index.php?rest_route=%2Fwp%2Fv2%2Fmedia&parent=2867"}],"wp:term":[{"taxonomy":"category","embeddable":true,"href":"https:\/\/www.enamiep.gob.ec\/index.php?rest_route=%2Fwp%2Fv2%2Fcategories&post=2867"},{"taxonomy":"post_tag","embeddable":true,"href":"https:\/\/www.enamiep.gob.ec\/index.php?rest_route=%2Fwp%2Fv2%2Ftags&post=2867"}],"curies":[{"name":"wp","href":"https:\/\/api.w.org\/{rel}","templated":true}]}}